{"id":2357,"date":"2015-11-14T16:50:38","date_gmt":"2015-11-14T16:50:38","guid":{"rendered":"https:\/\/samcon.ca\/?p=2357"},"modified":"2023-10-23T17:59:47","modified_gmt":"2023-10-23T17:59:47","slug":"interview-with-mr-sam-scalia-samcons-president-in-the-gazette","status":"publish","type":"post","link":"https:\/\/www.samcon.ca\/fr\/interview-with-mr-sam-scalia-samcons-president-in-the-gazette\/","title":{"rendered":"Interview de M. Sam Scalia, pr\u00e9sident de Samcon, dans The Gazette"},"content":{"rendered":"<h2>Interview de M Sam Scalia, dans The Gazette<\/h2>\n<p>Nous sommes ravis de partager avec vous une exclusive Interview de M Sam Scalia, le pr\u00e9sident de Samcon, qui a r\u00e9cemment \u00e9t\u00e9 publi\u00e9e dans The Gazette. Cet entretien offre un aper\u00e7u fascinant de l&#8217;esprit qui guide <a href=\"https:\/\/www.samcon.ca\/fr\/\">Samcon<\/a> et de la vision de M. Scalia pour l&#8217;avenir. Voici ce que vous devez savoir :<\/p>\n<h3><strong>Leadership et Engagement (Interview de M. Sam Scalia):<\/strong><\/h3>\n<p>M Sam Scalia, en tant que pr\u00e9sident, incarne le leadership de Samcon. Son engagement envers l&#8217;excellence dans la construction r\u00e9sidentielle est une source d&#8217;inspiration pour toute l&#8217;entreprise.<\/p>\n<h3><strong>Innovation et Qualit\u00e9 :<\/strong><\/h3>\n<p>Tandis que Interview de M. Sam Scalia partage l&#8217;importance de l&#8217;innovation et de la qualit\u00e9 dans les projets de Samcon. Cela signifie que chaque r\u00e9sidence construite par Samcon est le fruit de soins m\u00e9ticuleux et d&#8217;une qu\u00eate constante d&#8217;am\u00e9lioration.<\/p>\n<h3><strong>Le Qu\u00e9bec au C\u0153ur :<\/strong><\/h3>\n<p>L&#8217;attachement de M. Scalia au Qu\u00e9bec est \u00e9vident dans son entretien. Samcon est une entreprise locale qui s&#8217;engage \u00e0 contribuer au d\u00e9veloppement de la communaut\u00e9 et \u00e0 cr\u00e9er des espaces de vie de haute qualit\u00e9.<\/p>\n<h3><strong>La Vision de l&#8217;Avenir :<\/strong><\/h3>\n<p>L&#8217;interview offre un aper\u00e7u des projets futurs passionnants de Samcon, y compris son r\u00f4le en tant que <a href=\"https:\/\/g.co\/kgs\/KGEjpv\">d\u00e9veloppeur immobilier<\/a> dans un monde en constante \u00e9volution.<\/p>\n<p>Cet Interview de M. Sam Scalia est une occasion rare d&#8217;entendre directement de M Sam Scalia, un leader qui fa\u00e7onne le paysage de la construction r\u00e9sidentielle au Qu\u00e9bec. D\u00e9couvrez l&#8217;interview compl\u00e8te dans The Gazette pour en apprendre davantage sur la philosophie et la vision de Samcon, ainsi que sur les projets \u00e0 venir qui promettent de red\u00e9finir le futur de l&#8217;immobilier au Qu\u00e9bec.<\/p>","protected":false},"excerpt":{"rendered":"<p>Interview de M Sam Scalia, dans The Gazette Nous sommes ravis de partager avec vous une exclusive Interview de M [&hellip;]<\/p>","protected":false},"author":3,"featured_media":2358,"comment_status":"open","ping_status":"open","sticky":false,"template":"","format":"standard","meta":{"footnotes":""},"categories":[16],"tags":[],"class_list":["post-2357","post","type-post","status-publish","format-standard","has-post-thumbnail","hentry","category-news"],"acf":[],"yoast_head":"<!-- This site is optimized with the Yoast SEO plugin v27.5 - https:\/\/yoast.com\/product\/yoast-seo-wordpress\/ -->\n<title>Interview de M. Sam Scalia, pr\u00e9sident de Samcon - Samcon<\/title>\n<meta name=\"description\" content=\"exclusif Interview de M Sam Scalia, pr\u00e9sident de Samcon. D\u00e9couvrez sa vision de l&#039;avenir de la construction r\u00e9sidentielle.\" \/>\n<meta name=\"robots\" content=\"index, follow, max-snippet:-1, max-image-preview:large, max-video-preview:-1\" \/>\n<link rel=\"canonical\" href=\"https:\/\/www.samcon.ca\/fr\/interview-with-mr-sam-scalia-samcons-president-in-the-gazette\/\" \/>\n<meta property=\"og:locale\" content=\"fr_CA\" \/>\n<meta property=\"og:type\" content=\"article\" \/>\n<meta property=\"og:title\" content=\"Interview de M. Sam Scalia, pr\u00e9sident de Samcon - Samcon\" \/>\n<meta property=\"og:description\" content=\"exclusif Interview de M Sam Scalia, pr\u00e9sident de Samcon. D\u00e9couvrez sa vision de l&#039;avenir de la construction r\u00e9sidentielle.\" \/>\n<meta property=\"og:url\" content=\"https:\/\/www.samcon.ca\/fr\/interview-with-mr-sam-scalia-samcons-president-in-the-gazette\/\" \/>\n<meta property=\"og:site_name\" content=\"Samcon\" \/>\n<meta property=\"article:published_time\" content=\"2015-11-14T16:50:38+00:00\" \/>\n<meta property=\"article:modified_time\" content=\"2023-10-23T17:59:47+00:00\" \/>\n<meta property=\"og:image\" content=\"https:\/\/www.samcon.ca\/wp-content\/uploads\/2020\/12\/66_v_interview-with-mr-sam-scalia-samcon-s-president-in-the-gazette.jpg\" \/>\n\t<meta property=\"og:image:width\" content=\"600\" \/>\n\t<meta property=\"og:image:height\" content=\"400\" \/>\n\t<meta property=\"og:image:type\" content=\"image\/jpeg\" \/>\n<meta name=\"author\" content=\"Mig Libert\u00e9\" \/>\n<meta name=\"twitter:card\" content=\"summary_large_image\" \/>\n<meta name=\"twitter:label1\" content=\"\u00c9crit par\" \/>\n\t<meta name=\"twitter:data1\" content=\"Mig Libert\u00e9\" \/>\n\t<meta name=\"twitter:label2\" content=\"Estimation du temps de lecture\" \/>\n\t<meta name=\"twitter:data2\" content=\"2 minutes\" \/>\n<script type=\"application\/ld+json\" class=\"yoast-schema-graph\">{\"@context\":\"https:\\\/\\\/schema.org\",\"@graph\":[{\"@type\":\"Article\",\"@id\":\"https:\\\/\\\/www.samcon.ca\\\/interview-with-mr-sam-scalia-samcons-president-in-the-gazette\\\/#article\",\"isPartOf\":{\"@id\":\"https:\\\/\\\/www.samcon.ca\\\/interview-with-mr-sam-scalia-samcons-president-in-the-gazette\\\/\"},\"author\":{\"name\":\"Mig Libert\u00e9\",\"@id\":\"https:\\\/\\\/www.samcon.ca\\\/#\\\/schema\\\/person\\\/f197551e6ee674058a57202c009d26d3\"},\"headline\":\"Interview de M. Sam Scalia, pr\u00e9sident de Samcon, dans The Gazette\",\"datePublished\":\"2015-11-14T16:50:38+00:00\",\"dateModified\":\"2023-10-23T17:59:47+00:00\",\"mainEntityOfPage\":{\"@id\":\"https:\\\/\\\/www.samcon.ca\\\/interview-with-mr-sam-scalia-samcons-president-in-the-gazette\\\/\"},\"wordCount\":318,\"commentCount\":34,\"publisher\":{\"@id\":\"https:\\\/\\\/www.samcon.ca\\\/#organization\"},\"image\":{\"@id\":\"https:\\\/\\\/www.samcon.ca\\\/interview-with-mr-sam-scalia-samcons-president-in-the-gazette\\\/#primaryimage\"},\"thumbnailUrl\":\"https:\\\/\\\/www.samcon.ca\\\/wp-content\\\/uploads\\\/2020\\\/12\\\/66_v_interview-with-mr-sam-scalia-samcon-s-president-in-the-gazette.jpg\",\"articleSection\":[\"News\"],\"inLanguage\":\"fr-CA\",\"potentialAction\":[{\"@type\":\"CommentAction\",\"name\":\"Comment\",\"target\":[\"https:\\\/\\\/www.samcon.ca\\\/interview-with-mr-sam-scalia-samcons-president-in-the-gazette\\\/#respond\"]}]},{\"@type\":\"WebPage\",\"@id\":\"https:\\\/\\\/www.samcon.ca\\\/interview-with-mr-sam-scalia-samcons-president-in-the-gazette\\\/\",\"url\":\"https:\\\/\\\/www.samcon.ca\\\/interview-with-mr-sam-scalia-samcons-president-in-the-gazette\\\/\",\"name\":\"Interview de M. Sam Scalia, pr\u00e9sident de Samcon - Samcon\",\"isPartOf\":{\"@id\":\"https:\\\/\\\/www.samcon.ca\\\/#website\"},\"primaryImageOfPage\":{\"@id\":\"https:\\\/\\\/www.samcon.ca\\\/interview-with-mr-sam-scalia-samcons-president-in-the-gazette\\\/#primaryimage\"},\"image\":{\"@id\":\"https:\\\/\\\/www.samcon.ca\\\/interview-with-mr-sam-scalia-samcons-president-in-the-gazette\\\/#primaryimage\"},\"thumbnailUrl\":\"https:\\\/\\\/www.samcon.ca\\\/wp-content\\\/uploads\\\/2020\\\/12\\\/66_v_interview-with-mr-sam-scalia-samcon-s-president-in-the-gazette.jpg\",\"datePublished\":\"2015-11-14T16:50:38+00:00\",\"dateModified\":\"2023-10-23T17:59:47+00:00\",\"description\":\"exclusif Interview de M Sam Scalia, pr\u00e9sident de Samcon. D\u00e9couvrez sa vision de l'avenir de la construction r\u00e9sidentielle.\",\"breadcrumb\":{\"@id\":\"https:\\\/\\\/www.samcon.ca\\\/interview-with-mr-sam-scalia-samcons-president-in-the-gazette\\\/#breadcrumb\"},\"inLanguage\":\"fr-CA\",\"potentialAction\":[{\"@type\":\"ReadAction\",\"target\":[\"https:\\\/\\\/www.samcon.ca\\\/interview-with-mr-sam-scalia-samcons-president-in-the-gazette\\\/\"]}]},{\"@type\":\"ImageObject\",\"inLanguage\":\"fr-CA\",\"@id\":\"https:\\\/\\\/www.samcon.ca\\\/interview-with-mr-sam-scalia-samcons-president-in-the-gazette\\\/#primaryimage\",\"url\":\"https:\\\/\\\/www.samcon.ca\\\/wp-content\\\/uploads\\\/2020\\\/12\\\/66_v_interview-with-mr-sam-scalia-samcon-s-president-in-the-gazette.jpg\",\"contentUrl\":\"https:\\\/\\\/www.samcon.ca\\\/wp-content\\\/uploads\\\/2020\\\/12\\\/66_v_interview-with-mr-sam-scalia-samcon-s-president-in-the-gazette.jpg\",\"width\":600,\"height\":400},{\"@type\":\"BreadcrumbList\",\"@id\":\"https:\\\/\\\/www.samcon.ca\\\/interview-with-mr-sam-scalia-samcons-president-in-the-gazette\\\/#breadcrumb\",\"itemListElement\":[{\"@type\":\"ListItem\",\"position\":1,\"name\":\"Home\",\"item\":\"https:\\\/\\\/www.samcon.ca\\\/\"},{\"@type\":\"ListItem\",\"position\":2,\"name\":\"Interview de M. Sam Scalia, pr\u00e9sident de Samcon, dans The Gazette\"}]},{\"@type\":\"WebSite\",\"@id\":\"https:\\\/\\\/www.samcon.ca\\\/#website\",\"url\":\"https:\\\/\\\/www.samcon.ca\\\/\",\"name\":\"Samcon\",\"description\":\"Condo Montreal\",\"publisher\":{\"@id\":\"https:\\\/\\\/www.samcon.ca\\\/#organization\"},\"potentialAction\":[{\"@type\":\"SearchAction\",\"target\":{\"@type\":\"EntryPoint\",\"urlTemplate\":\"https:\\\/\\\/www.samcon.ca\\\/?s={search_term_string}\"},\"query-input\":{\"@type\":\"PropertyValueSpecification\",\"valueRequired\":true,\"valueName\":\"search_term_string\"}}],\"inLanguage\":\"fr-CA\"},{\"@type\":\"Organization\",\"@id\":\"https:\\\/\\\/www.samcon.ca\\\/#organization\",\"name\":\"Samcon\",\"url\":\"https:\\\/\\\/www.samcon.ca\\\/\",\"logo\":{\"@type\":\"ImageObject\",\"inLanguage\":\"fr-CA\",\"@id\":\"https:\\\/\\\/www.samcon.ca\\\/#\\\/schema\\\/logo\\\/image\\\/\",\"url\":\"https:\\\/\\\/www.samcon.ca\\\/wp-content\\\/uploads\\\/2020\\\/11\\\/Recurso-100j.png\",\"contentUrl\":\"https:\\\/\\\/www.samcon.ca\\\/wp-content\\\/uploads\\\/2020\\\/11\\\/Recurso-100j.png\",\"width\":1739,\"height\":695,\"caption\":\"Samcon\"},\"image\":{\"@id\":\"https:\\\/\\\/www.samcon.ca\\\/#\\\/schema\\\/logo\\\/image\\\/\"}},{\"@type\":\"Person\",\"@id\":\"https:\\\/\\\/www.samcon.ca\\\/#\\\/schema\\\/person\\\/f197551e6ee674058a57202c009d26d3\",\"name\":\"Mig Libert\u00e9\",\"image\":{\"@type\":\"ImageObject\",\"inLanguage\":\"fr-CA\",\"@id\":\"https:\\\/\\\/secure.gravatar.com\\\/avatar\\\/a333acd9195011ff484d7823a0aa05dfe8b8a25ee49f59f864f74ac37406caf2?s=96&d=mm&r=g\",\"url\":\"https:\\\/\\\/secure.gravatar.com\\\/avatar\\\/a333acd9195011ff484d7823a0aa05dfe8b8a25ee49f59f864f74ac37406caf2?s=96&d=mm&r=g\",\"contentUrl\":\"https:\\\/\\\/secure.gravatar.com\\\/avatar\\\/a333acd9195011ff484d7823a0aa05dfe8b8a25ee49f59f864f74ac37406caf2?s=96&d=mm&r=g\",\"caption\":\"Mig Libert\u00e9\"},\"description\":\"Mig Liberte is a Digital Marketer in Montreal for Samcon Condominiums. He is also the founder at Eminent Digital Marketing an SEO\\\/PPC agency focused on real estate marketing and ShareMyCasa.com an Automated Short-Term rental management company.\",\"sameAs\":[\"https:\\\/\\\/eminentdm.com\\\/\",\"https:\\\/\\\/www.instagram.com\\\/migliberte\\\/\",\"https:\\\/\\\/www.linkedin.com\\\/in\\\/miguel-lalibert-74510985\\\/\"],\"url\":\"https:\\\/\\\/www.samcon.ca\\\/fr\\\/author\\\/migliberte\\\/\"}]}<\/script>\n<!-- \/ Yoast SEO plugin. -->","yoast_head_json":{"title":"Interview de M. Sam Scalia, pr\u00e9sident de Samcon - Samcon","description":"exclusif Interview de M Sam Scalia, pr\u00e9sident de Samcon. D\u00e9couvrez sa vision de l'avenir de la construction r\u00e9sidentielle.","robots":{"index":"index","follow":"follow","max-snippet":"max-snippet:-1","max-image-preview":"max-image-preview:large","max-video-preview":"max-video-preview:-1"},"canonical":"https:\/\/www.samcon.ca\/fr\/interview-with-mr-sam-scalia-samcons-president-in-the-gazette\/","og_locale":"fr_CA","og_type":"article","og_title":"Interview de M. Sam Scalia, pr\u00e9sident de Samcon - Samcon","og_description":"exclusif Interview de M Sam Scalia, pr\u00e9sident de Samcon. D\u00e9couvrez sa vision de l'avenir de la construction r\u00e9sidentielle.","og_url":"https:\/\/www.samcon.ca\/fr\/interview-with-mr-sam-scalia-samcons-president-in-the-gazette\/","og_site_name":"Samcon","article_published_time":"2015-11-14T16:50:38+00:00","article_modified_time":"2023-10-23T17:59:47+00:00","og_image":[{"width":600,"height":400,"url":"https:\/\/www.samcon.ca\/wp-content\/uploads\/2020\/12\/66_v_interview-with-mr-sam-scalia-samcon-s-president-in-the-gazette.jpg","type":"image\/jpeg"}],"author":"Mig Libert\u00e9","twitter_card":"summary_large_image","twitter_misc":{"\u00c9crit par":"Mig Libert\u00e9","Estimation du temps de lecture":"2 minutes"},"schema":{"@context":"https:\/\/schema.org","@graph":[{"@type":"Article","@id":"https:\/\/www.samcon.ca\/interview-with-mr-sam-scalia-samcons-president-in-the-gazette\/#article","isPartOf":{"@id":"https:\/\/www.samcon.ca\/interview-with-mr-sam-scalia-samcons-president-in-the-gazette\/"},"author":{"name":"Mig Libert\u00e9","@id":"https:\/\/www.samcon.ca\/#\/schema\/person\/f197551e6ee674058a57202c009d26d3"},"headline":"Interview de M. Sam Scalia, pr\u00e9sident de Samcon, dans The Gazette","datePublished":"2015-11-14T16:50:38+00:00","dateModified":"2023-10-23T17:59:47+00:00","mainEntityOfPage":{"@id":"https:\/\/www.samcon.ca\/interview-with-mr-sam-scalia-samcons-president-in-the-gazette\/"},"wordCount":318,"commentCount":34,"publisher":{"@id":"https:\/\/www.samcon.ca\/#organization"},"image":{"@id":"https:\/\/www.samcon.ca\/interview-with-mr-sam-scalia-samcons-president-in-the-gazette\/#primaryimage"},"thumbnailUrl":"https:\/\/www.samcon.ca\/wp-content\/uploads\/2020\/12\/66_v_interview-with-mr-sam-scalia-samcon-s-president-in-the-gazette.jpg","articleSection":["News"],"inLanguage":"fr-CA","potentialAction":[{"@type":"CommentAction","name":"Comment","target":["https:\/\/www.samcon.ca\/interview-with-mr-sam-scalia-samcons-president-in-the-gazette\/#respond"]}]},{"@type":"WebPage","@id":"https:\/\/www.samcon.ca\/interview-with-mr-sam-scalia-samcons-president-in-the-gazette\/","url":"https:\/\/www.samcon.ca\/interview-with-mr-sam-scalia-samcons-president-in-the-gazette\/","name":"Interview de M. Sam Scalia, pr\u00e9sident de Samcon - Samcon","isPartOf":{"@id":"https:\/\/www.samcon.ca\/#website"},"primaryImageOfPage":{"@id":"https:\/\/www.samcon.ca\/interview-with-mr-sam-scalia-samcons-president-in-the-gazette\/#primaryimage"},"image":{"@id":"https:\/\/www.samcon.ca\/interview-with-mr-sam-scalia-samcons-president-in-the-gazette\/#primaryimage"},"thumbnailUrl":"https:\/\/www.samcon.ca\/wp-content\/uploads\/2020\/12\/66_v_interview-with-mr-sam-scalia-samcon-s-president-in-the-gazette.jpg","datePublished":"2015-11-14T16:50:38+00:00","dateModified":"2023-10-23T17:59:47+00:00","description":"exclusif Interview de M Sam Scalia, pr\u00e9sident de Samcon. D\u00e9couvrez sa vision de l'avenir de la construction r\u00e9sidentielle.","breadcrumb":{"@id":"https:\/\/www.samcon.ca\/interview-with-mr-sam-scalia-samcons-president-in-the-gazette\/#breadcrumb"},"inLanguage":"fr-CA","potentialAction":[{"@type":"ReadAction","target":["https:\/\/www.samcon.ca\/interview-with-mr-sam-scalia-samcons-president-in-the-gazette\/"]}]},{"@type":"ImageObject","inLanguage":"fr-CA","@id":"https:\/\/www.samcon.ca\/interview-with-mr-sam-scalia-samcons-president-in-the-gazette\/#primaryimage","url":"https:\/\/www.samcon.ca\/wp-content\/uploads\/2020\/12\/66_v_interview-with-mr-sam-scalia-samcon-s-president-in-the-gazette.jpg","contentUrl":"https:\/\/www.samcon.ca\/wp-content\/uploads\/2020\/12\/66_v_interview-with-mr-sam-scalia-samcon-s-president-in-the-gazette.jpg","width":600,"height":400},{"@type":"BreadcrumbList","@id":"https:\/\/www.samcon.ca\/interview-with-mr-sam-scalia-samcons-president-in-the-gazette\/#breadcrumb","itemListElement":[{"@type":"ListItem","position":1,"name":"Home","item":"https:\/\/www.samcon.ca\/"},{"@type":"ListItem","position":2,"name":"Interview de M. Sam Scalia, pr\u00e9sident de Samcon, dans The Gazette"}]},{"@type":"WebSite","@id":"https:\/\/www.samcon.ca\/#website","url":"https:\/\/www.samcon.ca\/","name":"Samcon","description":"Condo Montreal","publisher":{"@id":"https:\/\/www.samcon.ca\/#organization"},"potentialAction":[{"@type":"SearchAction","target":{"@type":"EntryPoint","urlTemplate":"https:\/\/www.samcon.ca\/?s={search_term_string}"},"query-input":{"@type":"PropertyValueSpecification","valueRequired":true,"valueName":"search_term_string"}}],"inLanguage":"fr-CA"},{"@type":"Organization","@id":"https:\/\/www.samcon.ca\/#organization","name":"Samcon","url":"https:\/\/www.samcon.ca\/","logo":{"@type":"ImageObject","inLanguage":"fr-CA","@id":"https:\/\/www.samcon.ca\/#\/schema\/logo\/image\/","url":"https:\/\/www.samcon.ca\/wp-content\/uploads\/2020\/11\/Recurso-100j.png","contentUrl":"https:\/\/www.samcon.ca\/wp-content\/uploads\/2020\/11\/Recurso-100j.png","width":1739,"height":695,"caption":"Samcon"},"image":{"@id":"https:\/\/www.samcon.ca\/#\/schema\/logo\/image\/"}},{"@type":"Person","@id":"https:\/\/www.samcon.ca\/#\/schema\/person\/f197551e6ee674058a57202c009d26d3","name":"Mig Libert\u00e9","image":{"@type":"ImageObject","inLanguage":"fr-CA","@id":"https:\/\/secure.gravatar.com\/avatar\/a333acd9195011ff484d7823a0aa05dfe8b8a25ee49f59f864f74ac37406caf2?s=96&d=mm&r=g","url":"https:\/\/secure.gravatar.com\/avatar\/a333acd9195011ff484d7823a0aa05dfe8b8a25ee49f59f864f74ac37406caf2?s=96&d=mm&r=g","contentUrl":"https:\/\/secure.gravatar.com\/avatar\/a333acd9195011ff484d7823a0aa05dfe8b8a25ee49f59f864f74ac37406caf2?s=96&d=mm&r=g","caption":"Mig Libert\u00e9"},"description":"Mig Liberte is a Digital Marketer in Montreal for Samcon Condominiums. He is also the founder at Eminent Digital Marketing an SEO\/PPC agency focused on real estate marketing and ShareMyCasa.com an Automated Short-Term rental management company.","sameAs":["https:\/\/eminentdm.com\/","https:\/\/www.instagram.com\/migliberte\/","https:\/\/www.linkedin.com\/in\/miguel-lalibert-74510985\/"],"url":"https:\/\/www.samcon.ca\/fr\/author\/migliberte\/"}]}},"_links":{"self":[{"href":"https:\/\/www.samcon.ca\/fr\/wp-json\/wp\/v2\/posts\/2357","targetHints":{"allow":["GET"]}}],"collection":[{"href":"https:\/\/www.samcon.ca\/fr\/wp-json\/wp\/v2\/posts"}],"about":[{"href":"https:\/\/www.samcon.ca\/fr\/wp-json\/wp\/v2\/types\/post"}],"author":[{"embeddable":true,"href":"https:\/\/www.samcon.ca\/fr\/wp-json\/wp\/v2\/users\/3"}],"replies":[{"embeddable":true,"href":"https:\/\/www.samcon.ca\/fr\/wp-json\/wp\/v2\/comments?post=2357"}],"version-history":[{"count":0,"href":"https:\/\/www.samcon.ca\/fr\/wp-json\/wp\/v2\/posts\/2357\/revisions"}],"wp:featuredmedia":[{"embeddable":true,"href":"https:\/\/www.samcon.ca\/fr\/wp-json\/wp\/v2\/media\/2358"}],"wp:attachment":[{"href":"https:\/\/www.samcon.ca\/fr\/wp-json\/wp\/v2\/media?parent=2357"}],"wp:term":[{"taxonomy":"category","embeddable":true,"href":"https:\/\/www.samcon.ca\/fr\/wp-json\/wp\/v2\/categories?post=2357"},{"taxonomy":"post_tag","embeddable":true,"href":"https:\/\/www.samcon.ca\/fr\/wp-json\/wp\/v2\/tags?post=2357"}],"curies":[{"name":"wp","href":"https:\/\/api.w.org\/{rel}","templated":true}]}}