{"id":2363,"date":"2015-02-22T16:52:19","date_gmt":"2015-02-22T16:52:19","guid":{"rendered":"https:\/\/samcon.ca\/?p=2363"},"modified":"2023-10-20T18:28:15","modified_gmt":"2023-10-20T18:28:15","slug":"condos-concept-au-coeur-de-laction","status":"publish","type":"post","link":"https:\/\/www.samcon.ca\/fr\/condos-concept-au-coeur-de-laction\/","title":{"rendered":"Condos concept, au coeur de l&#8217;action"},"content":{"rendered":"<h2>Condos Concept: Au C\u0153ur de l&#8217;Action<\/h2>\n<p>Vous r\u00eavez de vivre au c\u0153ur de l&#8217;action, dans un environnement dynamique et stimulant? Les condos concept sont l\u00e0 pour r\u00e9pondre \u00e0 votre d\u00e9sir de <a href=\"https:\/\/www.samcon.ca\/fr\/\">style de vie urbain<\/a>. Voici pourquoi ils sont si sp\u00e9ciaux :<\/p>\n<h3><strong>Localisation Privil\u00e9gi\u00e9e :<\/strong><\/h3>\n<p>Les condos concept sont strat\u00e9giquement situ\u00e9s au c\u0153ur des quartiers anim\u00e9s, vous permettant de profiter pleinement de tout ce que la ville a \u00e0 offrir. Restaurants, boutiques, culture et divertissements sont \u00e0 deux pas de chez vous.<\/p>\n<h3><strong>Design Moderne :<\/strong><\/h3>\n<p>Ces condos arborent un design contemporain qui refl\u00e8te <a href=\"https:\/\/g.co\/kgs\/VTV6Yj\" target=\"_blank\" rel=\"noopener\">la vie urbaine<\/a>. Des espaces lumineux, des finitions \u00e9l\u00e9gantes et des \u00e9quipements modernes cr\u00e9ent une ambiance qui vous ressemble.<\/p>\n<h3><strong>Communaut\u00e9 Active :<\/strong><\/h3>\n<p>En choisissant de vivre ici, vous rejoignez une communaut\u00e9 dynamique d&#8217;autres r\u00e9sidents partageant votre amour pour la vie citadine. C&#8217;est bien plus qu&#8217;un endroit o\u00f9 vivre, c&#8217;est un lieu de vie.<\/p>\n<h3><strong>Divertissement Infini :<\/strong><\/h3>\n<p>Avec un acc\u00e8s facile \u00e0 des \u00e9v\u00e9nements, des festivals et des activit\u00e9s en tout genre, vous ne risquez pas de vous ennuyer. Plongez dans la vie culturelle de la ville tous les jours.<\/p>\n<p>Les <a href=\"https:\/\/www.samcon.ca\/fr\/for-sale-upcoming\/\" target=\"_blank\" rel=\"noopener\">condos concept<\/a> ne sont pas qu&#8217;un lieu de r\u00e9sidence, c&#8217;est un endroit pour vous \u00e9panouir. D\u00e9couvrez un nouveau chapitre de votre vie au c\u0153ur de l&#8217;action. Votre aventure commence ici !<\/p>","protected":false},"excerpt":{"rendered":"<p>Condos Concept: Au C\u0153ur de l&#8217;Action Vous r\u00eavez de vivre au c\u0153ur de l&#8217;action, dans un environnement dynamique et stimulant? [&hellip;]<\/p>","protected":false},"author":3,"featured_media":7849,"comment_status":"open","ping_status":"open","sticky":false,"template":"","format":"standard","meta":{"footnotes":""},"categories":[16],"tags":[],"class_list":["post-2363","post","type-post","status-publish","format-standard","has-post-thumbnail","hentry","category-news"],"acf":[],"yoast_head":"<!-- This site is optimized with the Yoast SEO plugin v27.5 - https:\/\/yoast.com\/product\/yoast-seo-wordpress\/ -->\n<title>Condos concept, au coeur de l&#039;action - Samcon<\/title>\n<meta name=\"description\" content=\"Vivez au rythme de la vie urbaine avec Condos Concept, id\u00e9alement situ\u00e9 au c\u0153ur de l&#039;action. D\u00e9couvrez un mode de vie stimulant et dynamique.\" \/>\n<meta name=\"robots\" content=\"index, follow, max-snippet:-1, max-image-preview:large, max-video-preview:-1\" \/>\n<link rel=\"canonical\" href=\"https:\/\/www.samcon.ca\/fr\/condos-concept-au-coeur-de-laction\/\" \/>\n<meta property=\"og:locale\" content=\"fr_CA\" \/>\n<meta property=\"og:type\" content=\"article\" \/>\n<meta property=\"og:title\" content=\"Condos concept, au coeur de l&#039;action - Samcon\" \/>\n<meta property=\"og:description\" content=\"Vivez au rythme de la vie urbaine avec Condos Concept, id\u00e9alement situ\u00e9 au c\u0153ur de l&#039;action. D\u00e9couvrez un mode de vie stimulant et dynamique.\" \/>\n<meta property=\"og:url\" content=\"https:\/\/www.samcon.ca\/fr\/condos-concept-au-coeur-de-laction\/\" \/>\n<meta property=\"og:site_name\" content=\"Samcon\" \/>\n<meta property=\"article:published_time\" content=\"2015-02-22T16:52:19+00:00\" \/>\n<meta property=\"article:modified_time\" content=\"2023-10-20T18:28:15+00:00\" \/>\n<meta property=\"og:image\" content=\"https:\/\/www.samcon.ca\/wp-content\/uploads\/2015\/02\/306-8435-rue-boyer-montr-al-25-1-1.jpg\" \/>\n\t<meta property=\"og:image:width\" content=\"799\" \/>\n\t<meta property=\"og:image:height\" content=\"590\" \/>\n\t<meta property=\"og:image:type\" content=\"image\/jpeg\" \/>\n<meta name=\"author\" content=\"Mig Libert\u00e9\" \/>\n<meta name=\"twitter:card\" content=\"summary_large_image\" \/>\n<meta name=\"twitter:label1\" content=\"\u00c9crit par\" \/>\n\t<meta name=\"twitter:data1\" content=\"Mig Libert\u00e9\" \/>\n\t<meta name=\"twitter:label2\" content=\"Estimation du temps de lecture\" \/>\n\t<meta name=\"twitter:data2\" content=\"1 minute\" \/>\n<script type=\"application\/ld+json\" class=\"yoast-schema-graph\">{\"@context\":\"https:\\\/\\\/schema.org\",\"@graph\":[{\"@type\":\"Article\",\"@id\":\"https:\\\/\\\/www.samcon.ca\\\/condos-concept-au-coeur-de-laction\\\/#article\",\"isPartOf\":{\"@id\":\"https:\\\/\\\/www.samcon.ca\\\/condos-concept-au-coeur-de-laction\\\/\"},\"author\":{\"name\":\"Mig Libert\u00e9\",\"@id\":\"https:\\\/\\\/www.samcon.ca\\\/#\\\/schema\\\/person\\\/f197551e6ee674058a57202c009d26d3\"},\"headline\":\"Condos concept, au coeur de l&#8217;action\",\"datePublished\":\"2015-02-22T16:52:19+00:00\",\"dateModified\":\"2023-10-20T18:28:15+00:00\",\"mainEntityOfPage\":{\"@id\":\"https:\\\/\\\/www.samcon.ca\\\/condos-concept-au-coeur-de-laction\\\/\"},\"wordCount\":242,\"commentCount\":33,\"publisher\":{\"@id\":\"https:\\\/\\\/www.samcon.ca\\\/#organization\"},\"image\":{\"@id\":\"https:\\\/\\\/www.samcon.ca\\\/condos-concept-au-coeur-de-laction\\\/#primaryimage\"},\"thumbnailUrl\":\"https:\\\/\\\/www.samcon.ca\\\/wp-content\\\/uploads\\\/2015\\\/02\\\/306-8435-rue-boyer-montr-al-25-1-1.jpg\",\"articleSection\":[\"News\"],\"inLanguage\":\"fr-CA\",\"potentialAction\":[{\"@type\":\"CommentAction\",\"name\":\"Comment\",\"target\":[\"https:\\\/\\\/www.samcon.ca\\\/condos-concept-au-coeur-de-laction\\\/#respond\"]}]},{\"@type\":\"WebPage\",\"@id\":\"https:\\\/\\\/www.samcon.ca\\\/condos-concept-au-coeur-de-laction\\\/\",\"url\":\"https:\\\/\\\/www.samcon.ca\\\/condos-concept-au-coeur-de-laction\\\/\",\"name\":\"Condos concept, au coeur de l'action - Samcon\",\"isPartOf\":{\"@id\":\"https:\\\/\\\/www.samcon.ca\\\/#website\"},\"primaryImageOfPage\":{\"@id\":\"https:\\\/\\\/www.samcon.ca\\\/condos-concept-au-coeur-de-laction\\\/#primaryimage\"},\"image\":{\"@id\":\"https:\\\/\\\/www.samcon.ca\\\/condos-concept-au-coeur-de-laction\\\/#primaryimage\"},\"thumbnailUrl\":\"https:\\\/\\\/www.samcon.ca\\\/wp-content\\\/uploads\\\/2015\\\/02\\\/306-8435-rue-boyer-montr-al-25-1-1.jpg\",\"datePublished\":\"2015-02-22T16:52:19+00:00\",\"dateModified\":\"2023-10-20T18:28:15+00:00\",\"description\":\"Vivez au rythme de la vie urbaine avec Condos Concept, id\u00e9alement situ\u00e9 au c\u0153ur de l'action. D\u00e9couvrez un mode de vie stimulant et dynamique.\",\"breadcrumb\":{\"@id\":\"https:\\\/\\\/www.samcon.ca\\\/condos-concept-au-coeur-de-laction\\\/#breadcrumb\"},\"inLanguage\":\"fr-CA\",\"potentialAction\":[{\"@type\":\"ReadAction\",\"target\":[\"https:\\\/\\\/www.samcon.ca\\\/condos-concept-au-coeur-de-laction\\\/\"]}]},{\"@type\":\"ImageObject\",\"inLanguage\":\"fr-CA\",\"@id\":\"https:\\\/\\\/www.samcon.ca\\\/condos-concept-au-coeur-de-laction\\\/#primaryimage\",\"url\":\"https:\\\/\\\/www.samcon.ca\\\/wp-content\\\/uploads\\\/2015\\\/02\\\/306-8435-rue-boyer-montr-al-25-1-1.jpg\",\"contentUrl\":\"https:\\\/\\\/www.samcon.ca\\\/wp-content\\\/uploads\\\/2015\\\/02\\\/306-8435-rue-boyer-montr-al-25-1-1.jpg\",\"width\":799,\"height\":590,\"caption\":\"Samcon Laurier for rent\"},{\"@type\":\"BreadcrumbList\",\"@id\":\"https:\\\/\\\/www.samcon.ca\\\/condos-concept-au-coeur-de-laction\\\/#breadcrumb\",\"itemListElement\":[{\"@type\":\"ListItem\",\"position\":1,\"name\":\"Home\",\"item\":\"https:\\\/\\\/www.samcon.ca\\\/\"},{\"@type\":\"ListItem\",\"position\":2,\"name\":\"Condos concept, au coeur de l&#8217;action\"}]},{\"@type\":\"WebSite\",\"@id\":\"https:\\\/\\\/www.samcon.ca\\\/#website\",\"url\":\"https:\\\/\\\/www.samcon.ca\\\/\",\"name\":\"Samcon\",\"description\":\"Condo Montreal\",\"publisher\":{\"@id\":\"https:\\\/\\\/www.samcon.ca\\\/#organization\"},\"potentialAction\":[{\"@type\":\"SearchAction\",\"target\":{\"@type\":\"EntryPoint\",\"urlTemplate\":\"https:\\\/\\\/www.samcon.ca\\\/?s={search_term_string}\"},\"query-input\":{\"@type\":\"PropertyValueSpecification\",\"valueRequired\":true,\"valueName\":\"search_term_string\"}}],\"inLanguage\":\"fr-CA\"},{\"@type\":\"Organization\",\"@id\":\"https:\\\/\\\/www.samcon.ca\\\/#organization\",\"name\":\"Samcon\",\"url\":\"https:\\\/\\\/www.samcon.ca\\\/\",\"logo\":{\"@type\":\"ImageObject\",\"inLanguage\":\"fr-CA\",\"@id\":\"https:\\\/\\\/www.samcon.ca\\\/#\\\/schema\\\/logo\\\/image\\\/\",\"url\":\"https:\\\/\\\/www.samcon.ca\\\/wp-content\\\/uploads\\\/2020\\\/11\\\/Recurso-100j.png\",\"contentUrl\":\"https:\\\/\\\/www.samcon.ca\\\/wp-content\\\/uploads\\\/2020\\\/11\\\/Recurso-100j.png\",\"width\":1739,\"height\":695,\"caption\":\"Samcon\"},\"image\":{\"@id\":\"https:\\\/\\\/www.samcon.ca\\\/#\\\/schema\\\/logo\\\/image\\\/\"}},{\"@type\":\"Person\",\"@id\":\"https:\\\/\\\/www.samcon.ca\\\/#\\\/schema\\\/person\\\/f197551e6ee674058a57202c009d26d3\",\"name\":\"Mig Libert\u00e9\",\"image\":{\"@type\":\"ImageObject\",\"inLanguage\":\"fr-CA\",\"@id\":\"https:\\\/\\\/secure.gravatar.com\\\/avatar\\\/a333acd9195011ff484d7823a0aa05dfe8b8a25ee49f59f864f74ac37406caf2?s=96&d=mm&r=g\",\"url\":\"https:\\\/\\\/secure.gravatar.com\\\/avatar\\\/a333acd9195011ff484d7823a0aa05dfe8b8a25ee49f59f864f74ac37406caf2?s=96&d=mm&r=g\",\"contentUrl\":\"https:\\\/\\\/secure.gravatar.com\\\/avatar\\\/a333acd9195011ff484d7823a0aa05dfe8b8a25ee49f59f864f74ac37406caf2?s=96&d=mm&r=g\",\"caption\":\"Mig Libert\u00e9\"},\"description\":\"Mig Liberte is a Digital Marketer in Montreal for Samcon Condominiums. He is also the founder at Eminent Digital Marketing an SEO\\\/PPC agency focused on real estate marketing and ShareMyCasa.com an Automated Short-Term rental management company.\",\"sameAs\":[\"https:\\\/\\\/eminentdm.com\\\/\",\"https:\\\/\\\/www.instagram.com\\\/migliberte\\\/\",\"https:\\\/\\\/www.linkedin.com\\\/in\\\/miguel-lalibert-74510985\\\/\"],\"url\":\"https:\\\/\\\/www.samcon.ca\\\/fr\\\/author\\\/migliberte\\\/\"}]}<\/script>\n<!-- \/ Yoast SEO plugin. -->","yoast_head_json":{"title":"Condos concept, au coeur de l'action - Samcon","description":"Vivez au rythme de la vie urbaine avec Condos Concept, id\u00e9alement situ\u00e9 au c\u0153ur de l'action. D\u00e9couvrez un mode de vie stimulant et dynamique.","robots":{"index":"index","follow":"follow","max-snippet":"max-snippet:-1","max-image-preview":"max-image-preview:large","max-video-preview":"max-video-preview:-1"},"canonical":"https:\/\/www.samcon.ca\/fr\/condos-concept-au-coeur-de-laction\/","og_locale":"fr_CA","og_type":"article","og_title":"Condos concept, au coeur de l'action - Samcon","og_description":"Vivez au rythme de la vie urbaine avec Condos Concept, id\u00e9alement situ\u00e9 au c\u0153ur de l'action. D\u00e9couvrez un mode de vie stimulant et dynamique.","og_url":"https:\/\/www.samcon.ca\/fr\/condos-concept-au-coeur-de-laction\/","og_site_name":"Samcon","article_published_time":"2015-02-22T16:52:19+00:00","article_modified_time":"2023-10-20T18:28:15+00:00","og_image":[{"width":799,"height":590,"url":"https:\/\/www.samcon.ca\/wp-content\/uploads\/2015\/02\/306-8435-rue-boyer-montr-al-25-1-1.jpg","type":"image\/jpeg"}],"author":"Mig Libert\u00e9","twitter_card":"summary_large_image","twitter_misc":{"\u00c9crit par":"Mig Libert\u00e9","Estimation du temps de lecture":"1 minute"},"schema":{"@context":"https:\/\/schema.org","@graph":[{"@type":"Article","@id":"https:\/\/www.samcon.ca\/condos-concept-au-coeur-de-laction\/#article","isPartOf":{"@id":"https:\/\/www.samcon.ca\/condos-concept-au-coeur-de-laction\/"},"author":{"name":"Mig Libert\u00e9","@id":"https:\/\/www.samcon.ca\/#\/schema\/person\/f197551e6ee674058a57202c009d26d3"},"headline":"Condos concept, au coeur de l&#8217;action","datePublished":"2015-02-22T16:52:19+00:00","dateModified":"2023-10-20T18:28:15+00:00","mainEntityOfPage":{"@id":"https:\/\/www.samcon.ca\/condos-concept-au-coeur-de-laction\/"},"wordCount":242,"commentCount":33,"publisher":{"@id":"https:\/\/www.samcon.ca\/#organization"},"image":{"@id":"https:\/\/www.samcon.ca\/condos-concept-au-coeur-de-laction\/#primaryimage"},"thumbnailUrl":"https:\/\/www.samcon.ca\/wp-content\/uploads\/2015\/02\/306-8435-rue-boyer-montr-al-25-1-1.jpg","articleSection":["News"],"inLanguage":"fr-CA","potentialAction":[{"@type":"CommentAction","name":"Comment","target":["https:\/\/www.samcon.ca\/condos-concept-au-coeur-de-laction\/#respond"]}]},{"@type":"WebPage","@id":"https:\/\/www.samcon.ca\/condos-concept-au-coeur-de-laction\/","url":"https:\/\/www.samcon.ca\/condos-concept-au-coeur-de-laction\/","name":"Condos concept, au coeur de l'action - Samcon","isPartOf":{"@id":"https:\/\/www.samcon.ca\/#website"},"primaryImageOfPage":{"@id":"https:\/\/www.samcon.ca\/condos-concept-au-coeur-de-laction\/#primaryimage"},"image":{"@id":"https:\/\/www.samcon.ca\/condos-concept-au-coeur-de-laction\/#primaryimage"},"thumbnailUrl":"https:\/\/www.samcon.ca\/wp-content\/uploads\/2015\/02\/306-8435-rue-boyer-montr-al-25-1-1.jpg","datePublished":"2015-02-22T16:52:19+00:00","dateModified":"2023-10-20T18:28:15+00:00","description":"Vivez au rythme de la vie urbaine avec Condos Concept, id\u00e9alement situ\u00e9 au c\u0153ur de l'action. D\u00e9couvrez un mode de vie stimulant et dynamique.","breadcrumb":{"@id":"https:\/\/www.samcon.ca\/condos-concept-au-coeur-de-laction\/#breadcrumb"},"inLanguage":"fr-CA","potentialAction":[{"@type":"ReadAction","target":["https:\/\/www.samcon.ca\/condos-concept-au-coeur-de-laction\/"]}]},{"@type":"ImageObject","inLanguage":"fr-CA","@id":"https:\/\/www.samcon.ca\/condos-concept-au-coeur-de-laction\/#primaryimage","url":"https:\/\/www.samcon.ca\/wp-content\/uploads\/2015\/02\/306-8435-rue-boyer-montr-al-25-1-1.jpg","contentUrl":"https:\/\/www.samcon.ca\/wp-content\/uploads\/2015\/02\/306-8435-rue-boyer-montr-al-25-1-1.jpg","width":799,"height":590,"caption":"Samcon Laurier for rent"},{"@type":"BreadcrumbList","@id":"https:\/\/www.samcon.ca\/condos-concept-au-coeur-de-laction\/#breadcrumb","itemListElement":[{"@type":"ListItem","position":1,"name":"Home","item":"https:\/\/www.samcon.ca\/"},{"@type":"ListItem","position":2,"name":"Condos concept, au coeur de l&#8217;action"}]},{"@type":"WebSite","@id":"https:\/\/www.samcon.ca\/#website","url":"https:\/\/www.samcon.ca\/","name":"Samcon","description":"Condo Montreal","publisher":{"@id":"https:\/\/www.samcon.ca\/#organization"},"potentialAction":[{"@type":"SearchAction","target":{"@type":"EntryPoint","urlTemplate":"https:\/\/www.samcon.ca\/?s={search_term_string}"},"query-input":{"@type":"PropertyValueSpecification","valueRequired":true,"valueName":"search_term_string"}}],"inLanguage":"fr-CA"},{"@type":"Organization","@id":"https:\/\/www.samcon.ca\/#organization","name":"Samcon","url":"https:\/\/www.samcon.ca\/","logo":{"@type":"ImageObject","inLanguage":"fr-CA","@id":"https:\/\/www.samcon.ca\/#\/schema\/logo\/image\/","url":"https:\/\/www.samcon.ca\/wp-content\/uploads\/2020\/11\/Recurso-100j.png","contentUrl":"https:\/\/www.samcon.ca\/wp-content\/uploads\/2020\/11\/Recurso-100j.png","width":1739,"height":695,"caption":"Samcon"},"image":{"@id":"https:\/\/www.samcon.ca\/#\/schema\/logo\/image\/"}},{"@type":"Person","@id":"https:\/\/www.samcon.ca\/#\/schema\/person\/f197551e6ee674058a57202c009d26d3","name":"Mig Libert\u00e9","image":{"@type":"ImageObject","inLanguage":"fr-CA","@id":"https:\/\/secure.gravatar.com\/avatar\/a333acd9195011ff484d7823a0aa05dfe8b8a25ee49f59f864f74ac37406caf2?s=96&d=mm&r=g","url":"https:\/\/secure.gravatar.com\/avatar\/a333acd9195011ff484d7823a0aa05dfe8b8a25ee49f59f864f74ac37406caf2?s=96&d=mm&r=g","contentUrl":"https:\/\/secure.gravatar.com\/avatar\/a333acd9195011ff484d7823a0aa05dfe8b8a25ee49f59f864f74ac37406caf2?s=96&d=mm&r=g","caption":"Mig Libert\u00e9"},"description":"Mig Liberte is a Digital Marketer in Montreal for Samcon Condominiums. He is also the founder at Eminent Digital Marketing an SEO\/PPC agency focused on real estate marketing and ShareMyCasa.com an Automated Short-Term rental management company.","sameAs":["https:\/\/eminentdm.com\/","https:\/\/www.instagram.com\/migliberte\/","https:\/\/www.linkedin.com\/in\/miguel-lalibert-74510985\/"],"url":"https:\/\/www.samcon.ca\/fr\/author\/migliberte\/"}]}},"_links":{"self":[{"href":"https:\/\/www.samcon.ca\/fr\/wp-json\/wp\/v2\/posts\/2363","targetHints":{"allow":["GET"]}}],"collection":[{"href":"https:\/\/www.samcon.ca\/fr\/wp-json\/wp\/v2\/posts"}],"about":[{"href":"https:\/\/www.samcon.ca\/fr\/wp-json\/wp\/v2\/types\/post"}],"author":[{"embeddable":true,"href":"https:\/\/www.samcon.ca\/fr\/wp-json\/wp\/v2\/users\/3"}],"replies":[{"embeddable":true,"href":"https:\/\/www.samcon.ca\/fr\/wp-json\/wp\/v2\/comments?post=2363"}],"version-history":[{"count":0,"href":"https:\/\/www.samcon.ca\/fr\/wp-json\/wp\/v2\/posts\/2363\/revisions"}],"wp:featuredmedia":[{"embeddable":true,"href":"https:\/\/www.samcon.ca\/fr\/wp-json\/wp\/v2\/media\/7849"}],"wp:attachment":[{"href":"https:\/\/www.samcon.ca\/fr\/wp-json\/wp\/v2\/media?parent=2363"}],"wp:term":[{"taxonomy":"category","embeddable":true,"href":"https:\/\/www.samcon.ca\/fr\/wp-json\/wp\/v2\/categories?post=2363"},{"taxonomy":"post_tag","embeddable":true,"href":"https:\/\/www.samcon.ca\/fr\/wp-json\/wp\/v2\/tags?post=2363"}],"curies":[{"name":"wp","href":"https:\/\/api.w.org\/{rel}","templated":true}]}}