{"id":2365,"date":"2015-02-05T16:53:03","date_gmt":"2015-02-05T16:53:03","guid":{"rendered":"https:\/\/samcon.ca\/?p=2365"},"modified":"2023-09-13T14:42:59","modified_gmt":"2023-09-13T14:42:59","slug":"8e-festival-sportif-de-larrondissement-du-12-au-16-fevrier-optez-pour-un-festival-sportif-anime","status":"publish","type":"post","link":"https:\/\/www.samcon.ca\/fr\/8e-festival-sportif-de-larrondissement-du-12-au-16-fevrier-optez-pour-un-festival-sportif-anime\/","title":{"rendered":"8e Festival sportif de l&#8217;arrondissement du 12 au 16 f\u00e9vrier : Optez pour un Festival sportif anim\u00e9 !"},"content":{"rendered":"<p><a href=\"https:\/\/www.samcon.ca\/fr\/data\/TEXTEDOC\/FestivalSportArticle.pdf\/\" target=\"_blank\" rel=\"noopener noreferrer\">Read article (pdf)<\/a><\/p>","protected":false},"excerpt":{"rendered":"<p>Read article (pdf)<\/p>","protected":false},"author":3,"featured_media":7849,"comment_status":"open","ping_status":"open","sticky":false,"template":"","format":"standard","meta":{"footnotes":""},"categories":[16],"tags":[],"class_list":["post-2365","post","type-post","status-publish","format-standard","has-post-thumbnail","hentry","category-news"],"acf":[],"yoast_head":"<!-- This site is optimized with the Yoast SEO plugin v27.5 - https:\/\/yoast.com\/product\/yoast-seo-wordpress\/ -->\n<title>8e Festival sportif de l&#039;arrondissement du 12 au 16 f\u00e9vrier : Optez pour un Festival sportif anim\u00e9 ! - Samcon<\/title>\n<meta name=\"robots\" content=\"index, follow, max-snippet:-1, max-image-preview:large, max-video-preview:-1\" \/>\n<link rel=\"canonical\" href=\"https:\/\/www.samcon.ca\/fr\/8e-festival-sportif-de-larrondissement-du-12-au-16-fevrier-optez-pour-un-festival-sportif-anime\/\" \/>\n<meta property=\"og:locale\" content=\"fr_CA\" \/>\n<meta property=\"og:type\" content=\"article\" \/>\n<meta property=\"og:title\" content=\"8e Festival sportif de l&#039;arrondissement du 12 au 16 f\u00e9vrier : Optez pour un Festival sportif anim\u00e9 ! - Samcon\" \/>\n<meta property=\"og:description\" content=\"Read article (pdf)\" \/>\n<meta property=\"og:url\" content=\"https:\/\/www.samcon.ca\/fr\/8e-festival-sportif-de-larrondissement-du-12-au-16-fevrier-optez-pour-un-festival-sportif-anime\/\" \/>\n<meta property=\"og:site_name\" content=\"Samcon\" \/>\n<meta property=\"article:published_time\" content=\"2015-02-05T16:53:03+00:00\" \/>\n<meta property=\"article:modified_time\" content=\"2023-09-13T14:42:59+00:00\" \/>\n<meta property=\"og:image\" content=\"https:\/\/www.samcon.ca\/wp-content\/uploads\/2015\/02\/306-8435-rue-boyer-montr-al-25-1-1.jpg\" \/>\n\t<meta property=\"og:image:width\" content=\"799\" \/>\n\t<meta property=\"og:image:height\" content=\"590\" \/>\n\t<meta property=\"og:image:type\" content=\"image\/jpeg\" \/>\n<meta name=\"author\" content=\"Mig Libert\u00e9\" \/>\n<meta name=\"twitter:card\" content=\"summary_large_image\" \/>\n<meta name=\"twitter:label1\" content=\"\u00c9crit par\" \/>\n\t<meta name=\"twitter:data1\" content=\"Mig Libert\u00e9\" \/>\n\t<meta name=\"twitter:label2\" content=\"Estimation du temps de lecture\" \/>\n\t<meta name=\"twitter:data2\" content=\"1 minute\" \/>\n<script type=\"application\/ld+json\" class=\"yoast-schema-graph\">{\"@context\":\"https:\\\/\\\/schema.org\",\"@graph\":[{\"@type\":\"Article\",\"@id\":\"https:\\\/\\\/www.samcon.ca\\\/8e-festival-sportif-de-larrondissement-du-12-au-16-fevrier-optez-pour-un-festival-sportif-anime\\\/#article\",\"isPartOf\":{\"@id\":\"https:\\\/\\\/www.samcon.ca\\\/8e-festival-sportif-de-larrondissement-du-12-au-16-fevrier-optez-pour-un-festival-sportif-anime\\\/\"},\"author\":{\"name\":\"Mig Libert\u00e9\",\"@id\":\"https:\\\/\\\/www.samcon.ca\\\/#\\\/schema\\\/person\\\/f197551e6ee674058a57202c009d26d3\"},\"headline\":\"8e Festival sportif de l&#8217;arrondissement du 12 au 16 f\u00e9vrier : Optez pour un Festival sportif anim\u00e9 !\",\"datePublished\":\"2015-02-05T16:53:03+00:00\",\"dateModified\":\"2023-09-13T14:42:59+00:00\",\"mainEntityOfPage\":{\"@id\":\"https:\\\/\\\/www.samcon.ca\\\/8e-festival-sportif-de-larrondissement-du-12-au-16-fevrier-optez-pour-un-festival-sportif-anime\\\/\"},\"wordCount\":19,\"commentCount\":31,\"publisher\":{\"@id\":\"https:\\\/\\\/www.samcon.ca\\\/#organization\"},\"image\":{\"@id\":\"https:\\\/\\\/www.samcon.ca\\\/8e-festival-sportif-de-larrondissement-du-12-au-16-fevrier-optez-pour-un-festival-sportif-anime\\\/#primaryimage\"},\"thumbnailUrl\":\"https:\\\/\\\/www.samcon.ca\\\/wp-content\\\/uploads\\\/2015\\\/02\\\/306-8435-rue-boyer-montr-al-25-1-1.jpg\",\"articleSection\":[\"News\"],\"inLanguage\":\"fr-CA\",\"potentialAction\":[{\"@type\":\"CommentAction\",\"name\":\"Comment\",\"target\":[\"https:\\\/\\\/www.samcon.ca\\\/8e-festival-sportif-de-larrondissement-du-12-au-16-fevrier-optez-pour-un-festival-sportif-anime\\\/#respond\"]}]},{\"@type\":\"WebPage\",\"@id\":\"https:\\\/\\\/www.samcon.ca\\\/8e-festival-sportif-de-larrondissement-du-12-au-16-fevrier-optez-pour-un-festival-sportif-anime\\\/\",\"url\":\"https:\\\/\\\/www.samcon.ca\\\/8e-festival-sportif-de-larrondissement-du-12-au-16-fevrier-optez-pour-un-festival-sportif-anime\\\/\",\"name\":\"8e Festival sportif de l'arrondissement du 12 au 16 f\u00e9vrier : Optez pour un Festival sportif anim\u00e9 ! - Samcon\",\"isPartOf\":{\"@id\":\"https:\\\/\\\/www.samcon.ca\\\/#website\"},\"primaryImageOfPage\":{\"@id\":\"https:\\\/\\\/www.samcon.ca\\\/8e-festival-sportif-de-larrondissement-du-12-au-16-fevrier-optez-pour-un-festival-sportif-anime\\\/#primaryimage\"},\"image\":{\"@id\":\"https:\\\/\\\/www.samcon.ca\\\/8e-festival-sportif-de-larrondissement-du-12-au-16-fevrier-optez-pour-un-festival-sportif-anime\\\/#primaryimage\"},\"thumbnailUrl\":\"https:\\\/\\\/www.samcon.ca\\\/wp-content\\\/uploads\\\/2015\\\/02\\\/306-8435-rue-boyer-montr-al-25-1-1.jpg\",\"datePublished\":\"2015-02-05T16:53:03+00:00\",\"dateModified\":\"2023-09-13T14:42:59+00:00\",\"breadcrumb\":{\"@id\":\"https:\\\/\\\/www.samcon.ca\\\/8e-festival-sportif-de-larrondissement-du-12-au-16-fevrier-optez-pour-un-festival-sportif-anime\\\/#breadcrumb\"},\"inLanguage\":\"fr-CA\",\"potentialAction\":[{\"@type\":\"ReadAction\",\"target\":[\"https:\\\/\\\/www.samcon.ca\\\/8e-festival-sportif-de-larrondissement-du-12-au-16-fevrier-optez-pour-un-festival-sportif-anime\\\/\"]}]},{\"@type\":\"ImageObject\",\"inLanguage\":\"fr-CA\",\"@id\":\"https:\\\/\\\/www.samcon.ca\\\/8e-festival-sportif-de-larrondissement-du-12-au-16-fevrier-optez-pour-un-festival-sportif-anime\\\/#primaryimage\",\"url\":\"https:\\\/\\\/www.samcon.ca\\\/wp-content\\\/uploads\\\/2015\\\/02\\\/306-8435-rue-boyer-montr-al-25-1-1.jpg\",\"contentUrl\":\"https:\\\/\\\/www.samcon.ca\\\/wp-content\\\/uploads\\\/2015\\\/02\\\/306-8435-rue-boyer-montr-al-25-1-1.jpg\",\"width\":799,\"height\":590,\"caption\":\"Samcon Laurier for rent\"},{\"@type\":\"BreadcrumbList\",\"@id\":\"https:\\\/\\\/www.samcon.ca\\\/8e-festival-sportif-de-larrondissement-du-12-au-16-fevrier-optez-pour-un-festival-sportif-anime\\\/#breadcrumb\",\"itemListElement\":[{\"@type\":\"ListItem\",\"position\":1,\"name\":\"Home\",\"item\":\"https:\\\/\\\/www.samcon.ca\\\/\"},{\"@type\":\"ListItem\",\"position\":2,\"name\":\"8e Festival sportif de l&#8217;arrondissement du 12 au 16 f\u00e9vrier : Optez pour un Festival sportif anim\u00e9 !\"}]},{\"@type\":\"WebSite\",\"@id\":\"https:\\\/\\\/www.samcon.ca\\\/#website\",\"url\":\"https:\\\/\\\/www.samcon.ca\\\/\",\"name\":\"Samcon\",\"description\":\"Condo Montreal\",\"publisher\":{\"@id\":\"https:\\\/\\\/www.samcon.ca\\\/#organization\"},\"potentialAction\":[{\"@type\":\"SearchAction\",\"target\":{\"@type\":\"EntryPoint\",\"urlTemplate\":\"https:\\\/\\\/www.samcon.ca\\\/?s={search_term_string}\"},\"query-input\":{\"@type\":\"PropertyValueSpecification\",\"valueRequired\":true,\"valueName\":\"search_term_string\"}}],\"inLanguage\":\"fr-CA\"},{\"@type\":\"Organization\",\"@id\":\"https:\\\/\\\/www.samcon.ca\\\/#organization\",\"name\":\"Samcon\",\"url\":\"https:\\\/\\\/www.samcon.ca\\\/\",\"logo\":{\"@type\":\"ImageObject\",\"inLanguage\":\"fr-CA\",\"@id\":\"https:\\\/\\\/www.samcon.ca\\\/#\\\/schema\\\/logo\\\/image\\\/\",\"url\":\"https:\\\/\\\/www.samcon.ca\\\/wp-content\\\/uploads\\\/2020\\\/11\\\/Recurso-100j.png\",\"contentUrl\":\"https:\\\/\\\/www.samcon.ca\\\/wp-content\\\/uploads\\\/2020\\\/11\\\/Recurso-100j.png\",\"width\":1739,\"height\":695,\"caption\":\"Samcon\"},\"image\":{\"@id\":\"https:\\\/\\\/www.samcon.ca\\\/#\\\/schema\\\/logo\\\/image\\\/\"}},{\"@type\":\"Person\",\"@id\":\"https:\\\/\\\/www.samcon.ca\\\/#\\\/schema\\\/person\\\/f197551e6ee674058a57202c009d26d3\",\"name\":\"Mig Libert\u00e9\",\"image\":{\"@type\":\"ImageObject\",\"inLanguage\":\"fr-CA\",\"@id\":\"https:\\\/\\\/secure.gravatar.com\\\/avatar\\\/a333acd9195011ff484d7823a0aa05dfe8b8a25ee49f59f864f74ac37406caf2?s=96&d=mm&r=g\",\"url\":\"https:\\\/\\\/secure.gravatar.com\\\/avatar\\\/a333acd9195011ff484d7823a0aa05dfe8b8a25ee49f59f864f74ac37406caf2?s=96&d=mm&r=g\",\"contentUrl\":\"https:\\\/\\\/secure.gravatar.com\\\/avatar\\\/a333acd9195011ff484d7823a0aa05dfe8b8a25ee49f59f864f74ac37406caf2?s=96&d=mm&r=g\",\"caption\":\"Mig Libert\u00e9\"},\"description\":\"Mig Liberte is a Digital Marketer in Montreal for Samcon Condominiums. He is also the founder at Eminent Digital Marketing an SEO\\\/PPC agency focused on real estate marketing and ShareMyCasa.com an Automated Short-Term rental management company.\",\"sameAs\":[\"https:\\\/\\\/eminentdm.com\\\/\",\"https:\\\/\\\/www.instagram.com\\\/migliberte\\\/\",\"https:\\\/\\\/www.linkedin.com\\\/in\\\/miguel-lalibert-74510985\\\/\"],\"url\":\"https:\\\/\\\/www.samcon.ca\\\/fr\\\/author\\\/migliberte\\\/\"}]}<\/script>\n<!-- \/ Yoast SEO plugin. -->","yoast_head_json":{"title":"8e Festival sportif de l'arrondissement du 12 au 16 f\u00e9vrier : Optez pour un Festival sportif anim\u00e9 ! - Samcon","robots":{"index":"index","follow":"follow","max-snippet":"max-snippet:-1","max-image-preview":"max-image-preview:large","max-video-preview":"max-video-preview:-1"},"canonical":"https:\/\/www.samcon.ca\/fr\/8e-festival-sportif-de-larrondissement-du-12-au-16-fevrier-optez-pour-un-festival-sportif-anime\/","og_locale":"fr_CA","og_type":"article","og_title":"8e Festival sportif de l'arrondissement du 12 au 16 f\u00e9vrier : Optez pour un Festival sportif anim\u00e9 ! - Samcon","og_description":"Read article (pdf)","og_url":"https:\/\/www.samcon.ca\/fr\/8e-festival-sportif-de-larrondissement-du-12-au-16-fevrier-optez-pour-un-festival-sportif-anime\/","og_site_name":"Samcon","article_published_time":"2015-02-05T16:53:03+00:00","article_modified_time":"2023-09-13T14:42:59+00:00","og_image":[{"width":799,"height":590,"url":"https:\/\/www.samcon.ca\/wp-content\/uploads\/2015\/02\/306-8435-rue-boyer-montr-al-25-1-1.jpg","type":"image\/jpeg"}],"author":"Mig Libert\u00e9","twitter_card":"summary_large_image","twitter_misc":{"\u00c9crit par":"Mig Libert\u00e9","Estimation du temps de lecture":"1 minute"},"schema":{"@context":"https:\/\/schema.org","@graph":[{"@type":"Article","@id":"https:\/\/www.samcon.ca\/8e-festival-sportif-de-larrondissement-du-12-au-16-fevrier-optez-pour-un-festival-sportif-anime\/#article","isPartOf":{"@id":"https:\/\/www.samcon.ca\/8e-festival-sportif-de-larrondissement-du-12-au-16-fevrier-optez-pour-un-festival-sportif-anime\/"},"author":{"name":"Mig Libert\u00e9","@id":"https:\/\/www.samcon.ca\/#\/schema\/person\/f197551e6ee674058a57202c009d26d3"},"headline":"8e Festival sportif de l&#8217;arrondissement du 12 au 16 f\u00e9vrier : Optez pour un Festival sportif anim\u00e9 !","datePublished":"2015-02-05T16:53:03+00:00","dateModified":"2023-09-13T14:42:59+00:00","mainEntityOfPage":{"@id":"https:\/\/www.samcon.ca\/8e-festival-sportif-de-larrondissement-du-12-au-16-fevrier-optez-pour-un-festival-sportif-anime\/"},"wordCount":19,"commentCount":31,"publisher":{"@id":"https:\/\/www.samcon.ca\/#organization"},"image":{"@id":"https:\/\/www.samcon.ca\/8e-festival-sportif-de-larrondissement-du-12-au-16-fevrier-optez-pour-un-festival-sportif-anime\/#primaryimage"},"thumbnailUrl":"https:\/\/www.samcon.ca\/wp-content\/uploads\/2015\/02\/306-8435-rue-boyer-montr-al-25-1-1.jpg","articleSection":["News"],"inLanguage":"fr-CA","potentialAction":[{"@type":"CommentAction","name":"Comment","target":["https:\/\/www.samcon.ca\/8e-festival-sportif-de-larrondissement-du-12-au-16-fevrier-optez-pour-un-festival-sportif-anime\/#respond"]}]},{"@type":"WebPage","@id":"https:\/\/www.samcon.ca\/8e-festival-sportif-de-larrondissement-du-12-au-16-fevrier-optez-pour-un-festival-sportif-anime\/","url":"https:\/\/www.samcon.ca\/8e-festival-sportif-de-larrondissement-du-12-au-16-fevrier-optez-pour-un-festival-sportif-anime\/","name":"8e Festival sportif de l'arrondissement du 12 au 16 f\u00e9vrier : Optez pour un Festival sportif anim\u00e9 ! - Samcon","isPartOf":{"@id":"https:\/\/www.samcon.ca\/#website"},"primaryImageOfPage":{"@id":"https:\/\/www.samcon.ca\/8e-festival-sportif-de-larrondissement-du-12-au-16-fevrier-optez-pour-un-festival-sportif-anime\/#primaryimage"},"image":{"@id":"https:\/\/www.samcon.ca\/8e-festival-sportif-de-larrondissement-du-12-au-16-fevrier-optez-pour-un-festival-sportif-anime\/#primaryimage"},"thumbnailUrl":"https:\/\/www.samcon.ca\/wp-content\/uploads\/2015\/02\/306-8435-rue-boyer-montr-al-25-1-1.jpg","datePublished":"2015-02-05T16:53:03+00:00","dateModified":"2023-09-13T14:42:59+00:00","breadcrumb":{"@id":"https:\/\/www.samcon.ca\/8e-festival-sportif-de-larrondissement-du-12-au-16-fevrier-optez-pour-un-festival-sportif-anime\/#breadcrumb"},"inLanguage":"fr-CA","potentialAction":[{"@type":"ReadAction","target":["https:\/\/www.samcon.ca\/8e-festival-sportif-de-larrondissement-du-12-au-16-fevrier-optez-pour-un-festival-sportif-anime\/"]}]},{"@type":"ImageObject","inLanguage":"fr-CA","@id":"https:\/\/www.samcon.ca\/8e-festival-sportif-de-larrondissement-du-12-au-16-fevrier-optez-pour-un-festival-sportif-anime\/#primaryimage","url":"https:\/\/www.samcon.ca\/wp-content\/uploads\/2015\/02\/306-8435-rue-boyer-montr-al-25-1-1.jpg","contentUrl":"https:\/\/www.samcon.ca\/wp-content\/uploads\/2015\/02\/306-8435-rue-boyer-montr-al-25-1-1.jpg","width":799,"height":590,"caption":"Samcon Laurier for rent"},{"@type":"BreadcrumbList","@id":"https:\/\/www.samcon.ca\/8e-festival-sportif-de-larrondissement-du-12-au-16-fevrier-optez-pour-un-festival-sportif-anime\/#breadcrumb","itemListElement":[{"@type":"ListItem","position":1,"name":"Home","item":"https:\/\/www.samcon.ca\/"},{"@type":"ListItem","position":2,"name":"8e Festival sportif de l&#8217;arrondissement du 12 au 16 f\u00e9vrier : Optez pour un Festival sportif anim\u00e9 !"}]},{"@type":"WebSite","@id":"https:\/\/www.samcon.ca\/#website","url":"https:\/\/www.samcon.ca\/","name":"Samcon","description":"Condo Montreal","publisher":{"@id":"https:\/\/www.samcon.ca\/#organization"},"potentialAction":[{"@type":"SearchAction","target":{"@type":"EntryPoint","urlTemplate":"https:\/\/www.samcon.ca\/?s={search_term_string}"},"query-input":{"@type":"PropertyValueSpecification","valueRequired":true,"valueName":"search_term_string"}}],"inLanguage":"fr-CA"},{"@type":"Organization","@id":"https:\/\/www.samcon.ca\/#organization","name":"Samcon","url":"https:\/\/www.samcon.ca\/","logo":{"@type":"ImageObject","inLanguage":"fr-CA","@id":"https:\/\/www.samcon.ca\/#\/schema\/logo\/image\/","url":"https:\/\/www.samcon.ca\/wp-content\/uploads\/2020\/11\/Recurso-100j.png","contentUrl":"https:\/\/www.samcon.ca\/wp-content\/uploads\/2020\/11\/Recurso-100j.png","width":1739,"height":695,"caption":"Samcon"},"image":{"@id":"https:\/\/www.samcon.ca\/#\/schema\/logo\/image\/"}},{"@type":"Person","@id":"https:\/\/www.samcon.ca\/#\/schema\/person\/f197551e6ee674058a57202c009d26d3","name":"Mig Libert\u00e9","image":{"@type":"ImageObject","inLanguage":"fr-CA","@id":"https:\/\/secure.gravatar.com\/avatar\/a333acd9195011ff484d7823a0aa05dfe8b8a25ee49f59f864f74ac37406caf2?s=96&d=mm&r=g","url":"https:\/\/secure.gravatar.com\/avatar\/a333acd9195011ff484d7823a0aa05dfe8b8a25ee49f59f864f74ac37406caf2?s=96&d=mm&r=g","contentUrl":"https:\/\/secure.gravatar.com\/avatar\/a333acd9195011ff484d7823a0aa05dfe8b8a25ee49f59f864f74ac37406caf2?s=96&d=mm&r=g","caption":"Mig Libert\u00e9"},"description":"Mig Liberte is a Digital Marketer in Montreal for Samcon Condominiums. He is also the founder at Eminent Digital Marketing an SEO\/PPC agency focused on real estate marketing and ShareMyCasa.com an Automated Short-Term rental management company.","sameAs":["https:\/\/eminentdm.com\/","https:\/\/www.instagram.com\/migliberte\/","https:\/\/www.linkedin.com\/in\/miguel-lalibert-74510985\/"],"url":"https:\/\/www.samcon.ca\/fr\/author\/migliberte\/"}]}},"_links":{"self":[{"href":"https:\/\/www.samcon.ca\/fr\/wp-json\/wp\/v2\/posts\/2365","targetHints":{"allow":["GET"]}}],"collection":[{"href":"https:\/\/www.samcon.ca\/fr\/wp-json\/wp\/v2\/posts"}],"about":[{"href":"https:\/\/www.samcon.ca\/fr\/wp-json\/wp\/v2\/types\/post"}],"author":[{"embeddable":true,"href":"https:\/\/www.samcon.ca\/fr\/wp-json\/wp\/v2\/users\/3"}],"replies":[{"embeddable":true,"href":"https:\/\/www.samcon.ca\/fr\/wp-json\/wp\/v2\/comments?post=2365"}],"version-history":[{"count":0,"href":"https:\/\/www.samcon.ca\/fr\/wp-json\/wp\/v2\/posts\/2365\/revisions"}],"wp:featuredmedia":[{"embeddable":true,"href":"https:\/\/www.samcon.ca\/fr\/wp-json\/wp\/v2\/media\/7849"}],"wp:attachment":[{"href":"https:\/\/www.samcon.ca\/fr\/wp-json\/wp\/v2\/media?parent=2365"}],"wp:term":[{"taxonomy":"category","embeddable":true,"href":"https:\/\/www.samcon.ca\/fr\/wp-json\/wp\/v2\/categories?post=2365"},{"taxonomy":"post_tag","embeddable":true,"href":"https:\/\/www.samcon.ca\/fr\/wp-json\/wp\/v2\/tags?post=2365"}],"curies":[{"name":"wp","href":"https:\/\/api.w.org\/{rel}","templated":true}]}}